{"id":264,"date":"2020-01-30T15:51:35","date_gmt":"2020-01-30T15:51:35","guid":{"rendered":"https:\/\/www.aescoladamaria.pt\/?p=264"},"modified":"2022-12-08T23:02:38","modified_gmt":"2022-12-08T23:02:38","slug":"participacao-no-programa-manha-cm","status":"publish","type":"post","link":"https:\/\/www.aescoladamaria.pt\/index.php\/2020\/01\/30\/participacao-no-programa-manha-cm\/","title":{"rendered":"Participa\u00e7\u00e3o no programa Manh\u00e3 CM"},"content":{"rendered":"\n<p>A Escola da Maria participou no programa Manh\u00e3 CM da CMTV de 31 Janeiro de 2019.<\/p>\n\n\n\n<p>Veja o video e acompanhe a nossa conversa<\/p>\n\n\n\n<p><a href=\"https:\/\/www.cmjornal.pt\/cmtv\/programas\/detalhe\/a-escola-da-maria\" target=\"_blank\" rel=\"noreferrer noopener\" aria-label=\" (abre num novo separador)\">https:\/\/www.cmjornal.pt\/cmtv\/programas\/detalhe\/a-escola-da-maria<\/a><\/p>\n","protected":false},"excerpt":{"rendered":"<p>A Escola da Maria participou no programa Manh\u00e3 CM da CMTV de 31 Janeiro de 2019. Veja o video e acompanhe a nossa conversa https:\/\/www.cmjornal.pt\/cmtv\/programas\/detalhe\/a-escola-da-maria<\/p>\n","protected":false},"author":1,"featured_media":266,"comment_status":"closed","ping_status":"closed","sticky":false,"template":"","format":"standard","meta":{"footnotes":""},"categories":[1,5],"tags":[],"yoast_head":"<!-- This site is optimized with the Yoast SEO plugin v22.3 - https:\/\/yoast.com\/wordpress\/plugins\/seo\/ -->\n<title>Participa\u00e7\u00e3o no programa Manh\u00e3 CM - A Escola da Maria<\/title>\n<meta name=\"robots\" content=\"index, follow, max-snippet:-1, max-image-preview:large, max-video-preview:-1\" \/>\n<link rel=\"canonical\" href=\"https:\/\/www.aescoladamaria.pt\/index.php\/2020\/01\/30\/participacao-no-programa-manha-cm\/\" \/>\n<meta property=\"og:locale\" content=\"pt_PT\" \/>\n<meta property=\"og:type\" content=\"article\" \/>\n<meta property=\"og:title\" content=\"Participa\u00e7\u00e3o no programa Manh\u00e3 CM - A Escola da Maria\" \/>\n<meta property=\"og:description\" content=\"A Escola da Maria participou no programa Manh\u00e3 CM da CMTV de 31 Janeiro de 2019. Veja o video e acompanhe a nossa conversa https:\/\/www.cmjornal.pt\/cmtv\/programas\/detalhe\/a-escola-da-maria\" \/>\n<meta property=\"og:url\" content=\"https:\/\/www.aescoladamaria.pt\/index.php\/2020\/01\/30\/participacao-no-programa-manha-cm\/\" \/>\n<meta property=\"og:site_name\" content=\"A Escola da Maria\" \/>\n<meta property=\"article:published_time\" content=\"2020-01-30T15:51:35+00:00\" \/>\n<meta property=\"article:modified_time\" content=\"2022-12-08T23:02:38+00:00\" \/>\n<meta property=\"og:image\" content=\"https:\/\/www.aescoladamaria.pt\/wp-content\/uploads\/2020\/01\/logotipo-cmtv.jpeg\" \/>\n\t<meta property=\"og:image:width\" content=\"254\" \/>\n\t<meta property=\"og:image:height\" content=\"198\" \/>\n\t<meta property=\"og:image:type\" content=\"image\/jpeg\" \/>\n<meta name=\"author\" content=\"admin.mb\" \/>\n<meta name=\"twitter:card\" content=\"summary_large_image\" \/>\n<meta name=\"twitter:label1\" content=\"Escrito por\" \/>\n\t<meta name=\"twitter:data1\" content=\"admin.mb\" \/>\n<script type=\"application\/ld+json\" class=\"yoast-schema-graph\">{\"@context\":\"https:\/\/schema.org\",\"@graph\":[{\"@type\":\"WebPage\",\"@id\":\"https:\/\/www.aescoladamaria.pt\/index.php\/2020\/01\/30\/participacao-no-programa-manha-cm\/\",\"url\":\"https:\/\/www.aescoladamaria.pt\/index.php\/2020\/01\/30\/participacao-no-programa-manha-cm\/\",\"name\":\"Participa\u00e7\u00e3o no programa Manh\u00e3 CM - A Escola da Maria\",\"isPartOf\":{\"@id\":\"https:\/\/www.aescoladamaria.pt\/#website\"},\"primaryImageOfPage\":{\"@id\":\"https:\/\/www.aescoladamaria.pt\/index.php\/2020\/01\/30\/participacao-no-programa-manha-cm\/#primaryimage\"},\"image\":{\"@id\":\"https:\/\/www.aescoladamaria.pt\/index.php\/2020\/01\/30\/participacao-no-programa-manha-cm\/#primaryimage\"},\"thumbnailUrl\":\"https:\/\/www.aescoladamaria.pt\/wp-content\/uploads\/2020\/01\/logotipo-cmtv.jpeg\",\"datePublished\":\"2020-01-30T15:51:35+00:00\",\"dateModified\":\"2022-12-08T23:02:38+00:00\",\"author\":{\"@id\":\"https:\/\/www.aescoladamaria.pt\/#\/schema\/person\/0a52716c5607ac35715daf1eda6ffca4\"},\"breadcrumb\":{\"@id\":\"https:\/\/www.aescoladamaria.pt\/index.php\/2020\/01\/30\/participacao-no-programa-manha-cm\/#breadcrumb\"},\"inLanguage\":\"pt-PT\",\"potentialAction\":[{\"@type\":\"ReadAction\",\"target\":[\"https:\/\/www.aescoladamaria.pt\/index.php\/2020\/01\/30\/participacao-no-programa-manha-cm\/\"]}]},{\"@type\":\"ImageObject\",\"inLanguage\":\"pt-PT\",\"@id\":\"https:\/\/www.aescoladamaria.pt\/index.php\/2020\/01\/30\/participacao-no-programa-manha-cm\/#primaryimage\",\"url\":\"https:\/\/www.aescoladamaria.pt\/wp-content\/uploads\/2020\/01\/logotipo-cmtv.jpeg\",\"contentUrl\":\"https:\/\/www.aescoladamaria.pt\/wp-content\/uploads\/2020\/01\/logotipo-cmtv.jpeg\",\"width\":254,\"height\":198},{\"@type\":\"BreadcrumbList\",\"@id\":\"https:\/\/www.aescoladamaria.pt\/index.php\/2020\/01\/30\/participacao-no-programa-manha-cm\/#breadcrumb\",\"itemListElement\":[{\"@type\":\"ListItem\",\"position\":1,\"name\":\"In\u00edcio\",\"item\":\"https:\/\/www.aescoladamaria.pt\/\"},{\"@type\":\"ListItem\",\"position\":2,\"name\":\"Participa\u00e7\u00e3o no programa Manh\u00e3 CM\"}]},{\"@type\":\"WebSite\",\"@id\":\"https:\/\/www.aescoladamaria.pt\/#website\",\"url\":\"https:\/\/www.aescoladamaria.pt\/\",\"name\":\"A Escola da Maria\",\"description\":\"Um projecto de servi\u00e7os integrados para a \u00e1rea da inclus\u00e3o\",\"potentialAction\":[{\"@type\":\"SearchAction\",\"target\":{\"@type\":\"EntryPoint\",\"urlTemplate\":\"https:\/\/www.aescoladamaria.pt\/?s={search_term_string}\"},\"query-input\":\"required name=search_term_string\"}],\"inLanguage\":\"pt-PT\"},{\"@type\":\"Person\",\"@id\":\"https:\/\/www.aescoladamaria.pt\/#\/schema\/person\/0a52716c5607ac35715daf1eda6ffca4\",\"name\":\"admin.mb\",\"image\":{\"@type\":\"ImageObject\",\"inLanguage\":\"pt-PT\",\"@id\":\"https:\/\/www.aescoladamaria.pt\/#\/schema\/person\/image\/\",\"url\":\"https:\/\/secure.gravatar.com\/avatar\/5f40fef36d76ee72958dddc12f0ffc34?s=96&d=mm&r=g\",\"contentUrl\":\"https:\/\/secure.gravatar.com\/avatar\/5f40fef36d76ee72958dddc12f0ffc34?s=96&d=mm&r=g\",\"caption\":\"admin.mb\"},\"url\":\"https:\/\/www.aescoladamaria.pt\/index.php\/author\/admin-mb\/\"}]}<\/script>\n<!-- \/ Yoast SEO plugin. -->","yoast_head_json":{"title":"Participa\u00e7\u00e3o no programa Manh\u00e3 CM - A Escola da Maria","robots":{"index":"index","follow":"follow","max-snippet":"max-snippet:-1","max-image-preview":"max-image-preview:large","max-video-preview":"max-video-preview:-1"},"canonical":"https:\/\/www.aescoladamaria.pt\/index.php\/2020\/01\/30\/participacao-no-programa-manha-cm\/","og_locale":"pt_PT","og_type":"article","og_title":"Participa\u00e7\u00e3o no programa Manh\u00e3 CM - A Escola da Maria","og_description":"A Escola da Maria participou no programa Manh\u00e3 CM da CMTV de 31 Janeiro de 2019. Veja o video e acompanhe a nossa conversa https:\/\/www.cmjornal.pt\/cmtv\/programas\/detalhe\/a-escola-da-maria","og_url":"https:\/\/www.aescoladamaria.pt\/index.php\/2020\/01\/30\/participacao-no-programa-manha-cm\/","og_site_name":"A Escola da Maria","article_published_time":"2020-01-30T15:51:35+00:00","article_modified_time":"2022-12-08T23:02:38+00:00","og_image":[{"width":254,"height":198,"url":"https:\/\/www.aescoladamaria.pt\/wp-content\/uploads\/2020\/01\/logotipo-cmtv.jpeg","type":"image\/jpeg"}],"author":"admin.mb","twitter_card":"summary_large_image","twitter_misc":{"Escrito por":"admin.mb"},"schema":{"@context":"https:\/\/schema.org","@graph":[{"@type":"WebPage","@id":"https:\/\/www.aescoladamaria.pt\/index.php\/2020\/01\/30\/participacao-no-programa-manha-cm\/","url":"https:\/\/www.aescoladamaria.pt\/index.php\/2020\/01\/30\/participacao-no-programa-manha-cm\/","name":"Participa\u00e7\u00e3o no programa Manh\u00e3 CM - A Escola da Maria","isPartOf":{"@id":"https:\/\/www.aescoladamaria.pt\/#website"},"primaryImageOfPage":{"@id":"https:\/\/www.aescoladamaria.pt\/index.php\/2020\/01\/30\/participacao-no-programa-manha-cm\/#primaryimage"},"image":{"@id":"https:\/\/www.aescoladamaria.pt\/index.php\/2020\/01\/30\/participacao-no-programa-manha-cm\/#primaryimage"},"thumbnailUrl":"https:\/\/www.aescoladamaria.pt\/wp-content\/uploads\/2020\/01\/logotipo-cmtv.jpeg","datePublished":"2020-01-30T15:51:35+00:00","dateModified":"2022-12-08T23:02:38+00:00","author":{"@id":"https:\/\/www.aescoladamaria.pt\/#\/schema\/person\/0a52716c5607ac35715daf1eda6ffca4"},"breadcrumb":{"@id":"https:\/\/www.aescoladamaria.pt\/index.php\/2020\/01\/30\/participacao-no-programa-manha-cm\/#breadcrumb"},"inLanguage":"pt-PT","potentialAction":[{"@type":"ReadAction","target":["https:\/\/www.aescoladamaria.pt\/index.php\/2020\/01\/30\/participacao-no-programa-manha-cm\/"]}]},{"@type":"ImageObject","inLanguage":"pt-PT","@id":"https:\/\/www.aescoladamaria.pt\/index.php\/2020\/01\/30\/participacao-no-programa-manha-cm\/#primaryimage","url":"https:\/\/www.aescoladamaria.pt\/wp-content\/uploads\/2020\/01\/logotipo-cmtv.jpeg","contentUrl":"https:\/\/www.aescoladamaria.pt\/wp-content\/uploads\/2020\/01\/logotipo-cmtv.jpeg","width":254,"height":198},{"@type":"BreadcrumbList","@id":"https:\/\/www.aescoladamaria.pt\/index.php\/2020\/01\/30\/participacao-no-programa-manha-cm\/#breadcrumb","itemListElement":[{"@type":"ListItem","position":1,"name":"In\u00edcio","item":"https:\/\/www.aescoladamaria.pt\/"},{"@type":"ListItem","position":2,"name":"Participa\u00e7\u00e3o no programa Manh\u00e3 CM"}]},{"@type":"WebSite","@id":"https:\/\/www.aescoladamaria.pt\/#website","url":"https:\/\/www.aescoladamaria.pt\/","name":"A Escola da Maria","description":"Um projecto de servi\u00e7os integrados para a \u00e1rea da inclus\u00e3o","potentialAction":[{"@type":"SearchAction","target":{"@type":"EntryPoint","urlTemplate":"https:\/\/www.aescoladamaria.pt\/?s={search_term_string}"},"query-input":"required name=search_term_string"}],"inLanguage":"pt-PT"},{"@type":"Person","@id":"https:\/\/www.aescoladamaria.pt\/#\/schema\/person\/0a52716c5607ac35715daf1eda6ffca4","name":"admin.mb","image":{"@type":"ImageObject","inLanguage":"pt-PT","@id":"https:\/\/www.aescoladamaria.pt\/#\/schema\/person\/image\/","url":"https:\/\/secure.gravatar.com\/avatar\/5f40fef36d76ee72958dddc12f0ffc34?s=96&d=mm&r=g","contentUrl":"https:\/\/secure.gravatar.com\/avatar\/5f40fef36d76ee72958dddc12f0ffc34?s=96&d=mm&r=g","caption":"admin.mb"},"url":"https:\/\/www.aescoladamaria.pt\/index.php\/author\/admin-mb\/"}]}},"_links":{"self":[{"href":"https:\/\/www.aescoladamaria.pt\/index.php\/wp-json\/wp\/v2\/posts\/264"}],"collection":[{"href":"https:\/\/www.aescoladamaria.pt\/index.php\/wp-json\/wp\/v2\/posts"}],"about":[{"href":"https:\/\/www.aescoladamaria.pt\/index.php\/wp-json\/wp\/v2\/types\/post"}],"author":[{"embeddable":true,"href":"https:\/\/www.aescoladamaria.pt\/index.php\/wp-json\/wp\/v2\/users\/1"}],"replies":[{"embeddable":true,"href":"https:\/\/www.aescoladamaria.pt\/index.php\/wp-json\/wp\/v2\/comments?post=264"}],"version-history":[{"count":7,"href":"https:\/\/www.aescoladamaria.pt\/index.php\/wp-json\/wp\/v2\/posts\/264\/revisions"}],"predecessor-version":[{"id":299,"href":"https:\/\/www.aescoladamaria.pt\/index.php\/wp-json\/wp\/v2\/posts\/264\/revisions\/299"}],"wp:featuredmedia":[{"embeddable":true,"href":"https:\/\/www.aescoladamaria.pt\/index.php\/wp-json\/wp\/v2\/media\/266"}],"wp:attachment":[{"href":"https:\/\/www.aescoladamaria.pt\/index.php\/wp-json\/wp\/v2\/media?parent=264"}],"wp:term":[{"taxonomy":"category","embeddable":true,"href":"https:\/\/www.aescoladamaria.pt\/index.php\/wp-json\/wp\/v2\/categories?post=264"},{"taxonomy":"post_tag","embeddable":true,"href":"https:\/\/www.aescoladamaria.pt\/index.php\/wp-json\/wp\/v2\/tags?post=264"}],"curies":[{"name":"wp","href":"https:\/\/api.w.org\/{rel}","templated":true}]}}