{"id":275,"date":"2020-01-30T16:28:04","date_gmt":"2020-01-30T16:28:04","guid":{"rendered":"https:\/\/www.aescoladamaria.pt\/?p=275"},"modified":"2022-12-08T23:02:36","modified_gmt":"2022-12-08T23:02:36","slug":"apresentacao-do-projecto-a-escola-da-maria-na-kuriakos-tv","status":"publish","type":"post","link":"https:\/\/www.aescoladamaria.pt\/index.php\/2020\/01\/30\/apresentacao-do-projecto-a-escola-da-maria-na-kuriakos-tv\/","title":{"rendered":"Apresenta\u00e7\u00e3o do projecto A Escola da Maria na Kuriakos TV"},"content":{"rendered":"\n<p>A Kutiakos TV acompanhou a apresenta\u00e7\u00e3o do projecto A Escola da Maria em 5 de Fevereiro de 2019. Veja a reportagem.<\/p>\n\n\n\n<p>Veja o video.<\/p>\n\n\n\n<figure class=\"wp-block-embed-youtube wp-block-embed is-type-video is-provider-youtube wp-embed-aspect-16-9 wp-has-aspect-ratio\"><div class=\"wp-block-embed__wrapper\">\n<iframe loading=\"lazy\" title=\"Apresenta\u00e7\u00e3o Projeto  &quot;A Escola da Maria&quot;\" width=\"1220\" height=\"686\" src=\"https:\/\/www.youtube.com\/embed\/iKHq9L1AtmE?feature=oembed\" frameborder=\"0\" allow=\"accelerometer; autoplay; encrypted-media; gyroscope; picture-in-picture\" allowfullscreen><\/iframe>\n<\/div><\/figure>\n","protected":false},"excerpt":{"rendered":"<p>A Kutiakos TV acompanhou a apresenta\u00e7\u00e3o do projecto A Escola da Maria em 5 de Fevereiro de 2019. Veja a reportagem. Veja o video.<\/p>\n","protected":false},"author":1,"featured_media":278,"comment_status":"closed","ping_status":"closed","sticky":false,"template":"","format":"standard","meta":{"footnotes":""},"categories":[5],"tags":[],"yoast_head":"<!-- This site is optimized with the Yoast SEO plugin v22.3 - https:\/\/yoast.com\/wordpress\/plugins\/seo\/ -->\n<title>Apresenta\u00e7\u00e3o do projecto A Escola da Maria na Kuriakos TV - A Escola da Maria<\/title>\n<meta name=\"robots\" content=\"index, follow, max-snippet:-1, max-image-preview:large, max-video-preview:-1\" \/>\n<link rel=\"canonical\" href=\"https:\/\/www.aescoladamaria.pt\/index.php\/2020\/01\/30\/apresentacao-do-projecto-a-escola-da-maria-na-kuriakos-tv\/\" \/>\n<meta property=\"og:locale\" content=\"pt_PT\" \/>\n<meta property=\"og:type\" content=\"article\" \/>\n<meta property=\"og:title\" content=\"Apresenta\u00e7\u00e3o do projecto A Escola da Maria na Kuriakos TV - A Escola da Maria\" \/>\n<meta property=\"og:description\" content=\"A Kutiakos TV acompanhou a apresenta\u00e7\u00e3o do projecto A Escola da Maria em 5 de Fevereiro de 2019. Veja a reportagem. Veja o video.\" \/>\n<meta property=\"og:url\" content=\"https:\/\/www.aescoladamaria.pt\/index.php\/2020\/01\/30\/apresentacao-do-projecto-a-escola-da-maria-na-kuriakos-tv\/\" \/>\n<meta property=\"og:site_name\" content=\"A Escola da Maria\" \/>\n<meta property=\"article:published_time\" content=\"2020-01-30T16:28:04+00:00\" \/>\n<meta property=\"article:modified_time\" content=\"2022-12-08T23:02:36+00:00\" \/>\n<meta property=\"og:image\" content=\"https:\/\/www.aescoladamaria.pt\/wp-content\/uploads\/2020\/01\/logotipo-kuriakostv.png\" \/>\n\t<meta property=\"og:image:width\" content=\"225\" \/>\n\t<meta property=\"og:image:height\" content=\"225\" \/>\n\t<meta property=\"og:image:type\" content=\"image\/png\" \/>\n<meta name=\"author\" content=\"admin.mb\" \/>\n<meta name=\"twitter:card\" content=\"summary_large_image\" \/>\n<meta name=\"twitter:label1\" content=\"Escrito por\" \/>\n\t<meta name=\"twitter:data1\" content=\"admin.mb\" \/>\n<script type=\"application\/ld+json\" class=\"yoast-schema-graph\">{\"@context\":\"https:\/\/schema.org\",\"@graph\":[{\"@type\":\"WebPage\",\"@id\":\"https:\/\/www.aescoladamaria.pt\/index.php\/2020\/01\/30\/apresentacao-do-projecto-a-escola-da-maria-na-kuriakos-tv\/\",\"url\":\"https:\/\/www.aescoladamaria.pt\/index.php\/2020\/01\/30\/apresentacao-do-projecto-a-escola-da-maria-na-kuriakos-tv\/\",\"name\":\"Apresenta\u00e7\u00e3o do projecto A Escola da Maria na Kuriakos TV - A Escola da Maria\",\"isPartOf\":{\"@id\":\"https:\/\/www.aescoladamaria.pt\/#website\"},\"primaryImageOfPage\":{\"@id\":\"https:\/\/www.aescoladamaria.pt\/index.php\/2020\/01\/30\/apresentacao-do-projecto-a-escola-da-maria-na-kuriakos-tv\/#primaryimage\"},\"image\":{\"@id\":\"https:\/\/www.aescoladamaria.pt\/index.php\/2020\/01\/30\/apresentacao-do-projecto-a-escola-da-maria-na-kuriakos-tv\/#primaryimage\"},\"thumbnailUrl\":\"https:\/\/www.aescoladamaria.pt\/wp-content\/uploads\/2020\/01\/logotipo-kuriakostv.png\",\"datePublished\":\"2020-01-30T16:28:04+00:00\",\"dateModified\":\"2022-12-08T23:02:36+00:00\",\"author\":{\"@id\":\"https:\/\/www.aescoladamaria.pt\/#\/schema\/person\/0a52716c5607ac35715daf1eda6ffca4\"},\"breadcrumb\":{\"@id\":\"https:\/\/www.aescoladamaria.pt\/index.php\/2020\/01\/30\/apresentacao-do-projecto-a-escola-da-maria-na-kuriakos-tv\/#breadcrumb\"},\"inLanguage\":\"pt-PT\",\"potentialAction\":[{\"@type\":\"ReadAction\",\"target\":[\"https:\/\/www.aescoladamaria.pt\/index.php\/2020\/01\/30\/apresentacao-do-projecto-a-escola-da-maria-na-kuriakos-tv\/\"]}]},{\"@type\":\"ImageObject\",\"inLanguage\":\"pt-PT\",\"@id\":\"https:\/\/www.aescoladamaria.pt\/index.php\/2020\/01\/30\/apresentacao-do-projecto-a-escola-da-maria-na-kuriakos-tv\/#primaryimage\",\"url\":\"https:\/\/www.aescoladamaria.pt\/wp-content\/uploads\/2020\/01\/logotipo-kuriakostv.png\",\"contentUrl\":\"https:\/\/www.aescoladamaria.pt\/wp-content\/uploads\/2020\/01\/logotipo-kuriakostv.png\",\"width\":225,\"height\":225},{\"@type\":\"BreadcrumbList\",\"@id\":\"https:\/\/www.aescoladamaria.pt\/index.php\/2020\/01\/30\/apresentacao-do-projecto-a-escola-da-maria-na-kuriakos-tv\/#breadcrumb\",\"itemListElement\":[{\"@type\":\"ListItem\",\"position\":1,\"name\":\"In\u00edcio\",\"item\":\"https:\/\/www.aescoladamaria.pt\/\"},{\"@type\":\"ListItem\",\"position\":2,\"name\":\"Apresenta\u00e7\u00e3o do projecto A Escola da Maria na Kuriakos TV\"}]},{\"@type\":\"WebSite\",\"@id\":\"https:\/\/www.aescoladamaria.pt\/#website\",\"url\":\"https:\/\/www.aescoladamaria.pt\/\",\"name\":\"A Escola da Maria\",\"description\":\"Um projecto de servi\u00e7os integrados para a \u00e1rea da inclus\u00e3o\",\"potentialAction\":[{\"@type\":\"SearchAction\",\"target\":{\"@type\":\"EntryPoint\",\"urlTemplate\":\"https:\/\/www.aescoladamaria.pt\/?s={search_term_string}\"},\"query-input\":\"required name=search_term_string\"}],\"inLanguage\":\"pt-PT\"},{\"@type\":\"Person\",\"@id\":\"https:\/\/www.aescoladamaria.pt\/#\/schema\/person\/0a52716c5607ac35715daf1eda6ffca4\",\"name\":\"admin.mb\",\"image\":{\"@type\":\"ImageObject\",\"inLanguage\":\"pt-PT\",\"@id\":\"https:\/\/www.aescoladamaria.pt\/#\/schema\/person\/image\/\",\"url\":\"https:\/\/secure.gravatar.com\/avatar\/5f40fef36d76ee72958dddc12f0ffc34?s=96&d=mm&r=g\",\"contentUrl\":\"https:\/\/secure.gravatar.com\/avatar\/5f40fef36d76ee72958dddc12f0ffc34?s=96&d=mm&r=g\",\"caption\":\"admin.mb\"},\"url\":\"https:\/\/www.aescoladamaria.pt\/index.php\/author\/admin-mb\/\"}]}<\/script>\n<!-- \/ Yoast SEO plugin. -->","yoast_head_json":{"title":"Apresenta\u00e7\u00e3o do projecto A Escola da Maria na Kuriakos TV - A Escola da Maria","robots":{"index":"index","follow":"follow","max-snippet":"max-snippet:-1","max-image-preview":"max-image-preview:large","max-video-preview":"max-video-preview:-1"},"canonical":"https:\/\/www.aescoladamaria.pt\/index.php\/2020\/01\/30\/apresentacao-do-projecto-a-escola-da-maria-na-kuriakos-tv\/","og_locale":"pt_PT","og_type":"article","og_title":"Apresenta\u00e7\u00e3o do projecto A Escola da Maria na Kuriakos TV - A Escola da Maria","og_description":"A Kutiakos TV acompanhou a apresenta\u00e7\u00e3o do projecto A Escola da Maria em 5 de Fevereiro de 2019. Veja a reportagem. Veja o video.","og_url":"https:\/\/www.aescoladamaria.pt\/index.php\/2020\/01\/30\/apresentacao-do-projecto-a-escola-da-maria-na-kuriakos-tv\/","og_site_name":"A Escola da Maria","article_published_time":"2020-01-30T16:28:04+00:00","article_modified_time":"2022-12-08T23:02:36+00:00","og_image":[{"width":225,"height":225,"url":"https:\/\/www.aescoladamaria.pt\/wp-content\/uploads\/2020\/01\/logotipo-kuriakostv.png","type":"image\/png"}],"author":"admin.mb","twitter_card":"summary_large_image","twitter_misc":{"Escrito por":"admin.mb"},"schema":{"@context":"https:\/\/schema.org","@graph":[{"@type":"WebPage","@id":"https:\/\/www.aescoladamaria.pt\/index.php\/2020\/01\/30\/apresentacao-do-projecto-a-escola-da-maria-na-kuriakos-tv\/","url":"https:\/\/www.aescoladamaria.pt\/index.php\/2020\/01\/30\/apresentacao-do-projecto-a-escola-da-maria-na-kuriakos-tv\/","name":"Apresenta\u00e7\u00e3o do projecto A Escola da Maria na Kuriakos TV - A Escola da Maria","isPartOf":{"@id":"https:\/\/www.aescoladamaria.pt\/#website"},"primaryImageOfPage":{"@id":"https:\/\/www.aescoladamaria.pt\/index.php\/2020\/01\/30\/apresentacao-do-projecto-a-escola-da-maria-na-kuriakos-tv\/#primaryimage"},"image":{"@id":"https:\/\/www.aescoladamaria.pt\/index.php\/2020\/01\/30\/apresentacao-do-projecto-a-escola-da-maria-na-kuriakos-tv\/#primaryimage"},"thumbnailUrl":"https:\/\/www.aescoladamaria.pt\/wp-content\/uploads\/2020\/01\/logotipo-kuriakostv.png","datePublished":"2020-01-30T16:28:04+00:00","dateModified":"2022-12-08T23:02:36+00:00","author":{"@id":"https:\/\/www.aescoladamaria.pt\/#\/schema\/person\/0a52716c5607ac35715daf1eda6ffca4"},"breadcrumb":{"@id":"https:\/\/www.aescoladamaria.pt\/index.php\/2020\/01\/30\/apresentacao-do-projecto-a-escola-da-maria-na-kuriakos-tv\/#breadcrumb"},"inLanguage":"pt-PT","potentialAction":[{"@type":"ReadAction","target":["https:\/\/www.aescoladamaria.pt\/index.php\/2020\/01\/30\/apresentacao-do-projecto-a-escola-da-maria-na-kuriakos-tv\/"]}]},{"@type":"ImageObject","inLanguage":"pt-PT","@id":"https:\/\/www.aescoladamaria.pt\/index.php\/2020\/01\/30\/apresentacao-do-projecto-a-escola-da-maria-na-kuriakos-tv\/#primaryimage","url":"https:\/\/www.aescoladamaria.pt\/wp-content\/uploads\/2020\/01\/logotipo-kuriakostv.png","contentUrl":"https:\/\/www.aescoladamaria.pt\/wp-content\/uploads\/2020\/01\/logotipo-kuriakostv.png","width":225,"height":225},{"@type":"BreadcrumbList","@id":"https:\/\/www.aescoladamaria.pt\/index.php\/2020\/01\/30\/apresentacao-do-projecto-a-escola-da-maria-na-kuriakos-tv\/#breadcrumb","itemListElement":[{"@type":"ListItem","position":1,"name":"In\u00edcio","item":"https:\/\/www.aescoladamaria.pt\/"},{"@type":"ListItem","position":2,"name":"Apresenta\u00e7\u00e3o do projecto A Escola da Maria na Kuriakos TV"}]},{"@type":"WebSite","@id":"https:\/\/www.aescoladamaria.pt\/#website","url":"https:\/\/www.aescoladamaria.pt\/","name":"A Escola da Maria","description":"Um projecto de servi\u00e7os integrados para a \u00e1rea da inclus\u00e3o","potentialAction":[{"@type":"SearchAction","target":{"@type":"EntryPoint","urlTemplate":"https:\/\/www.aescoladamaria.pt\/?s={search_term_string}"},"query-input":"required name=search_term_string"}],"inLanguage":"pt-PT"},{"@type":"Person","@id":"https:\/\/www.aescoladamaria.pt\/#\/schema\/person\/0a52716c5607ac35715daf1eda6ffca4","name":"admin.mb","image":{"@type":"ImageObject","inLanguage":"pt-PT","@id":"https:\/\/www.aescoladamaria.pt\/#\/schema\/person\/image\/","url":"https:\/\/secure.gravatar.com\/avatar\/5f40fef36d76ee72958dddc12f0ffc34?s=96&d=mm&r=g","contentUrl":"https:\/\/secure.gravatar.com\/avatar\/5f40fef36d76ee72958dddc12f0ffc34?s=96&d=mm&r=g","caption":"admin.mb"},"url":"https:\/\/www.aescoladamaria.pt\/index.php\/author\/admin-mb\/"}]}},"_links":{"self":[{"href":"https:\/\/www.aescoladamaria.pt\/index.php\/wp-json\/wp\/v2\/posts\/275"}],"collection":[{"href":"https:\/\/www.aescoladamaria.pt\/index.php\/wp-json\/wp\/v2\/posts"}],"about":[{"href":"https:\/\/www.aescoladamaria.pt\/index.php\/wp-json\/wp\/v2\/types\/post"}],"author":[{"embeddable":true,"href":"https:\/\/www.aescoladamaria.pt\/index.php\/wp-json\/wp\/v2\/users\/1"}],"replies":[{"embeddable":true,"href":"https:\/\/www.aescoladamaria.pt\/index.php\/wp-json\/wp\/v2\/comments?post=275"}],"version-history":[{"count":2,"href":"https:\/\/www.aescoladamaria.pt\/index.php\/wp-json\/wp\/v2\/posts\/275\/revisions"}],"predecessor-version":[{"id":279,"href":"https:\/\/www.aescoladamaria.pt\/index.php\/wp-json\/wp\/v2\/posts\/275\/revisions\/279"}],"wp:featuredmedia":[{"embeddable":true,"href":"https:\/\/www.aescoladamaria.pt\/index.php\/wp-json\/wp\/v2\/media\/278"}],"wp:attachment":[{"href":"https:\/\/www.aescoladamaria.pt\/index.php\/wp-json\/wp\/v2\/media?parent=275"}],"wp:term":[{"taxonomy":"category","embeddable":true,"href":"https:\/\/www.aescoladamaria.pt\/index.php\/wp-json\/wp\/v2\/categories?post=275"},{"taxonomy":"post_tag","embeddable":true,"href":"https:\/\/www.aescoladamaria.pt\/index.php\/wp-json\/wp\/v2\/tags?post=275"}],"curies":[{"name":"wp","href":"https:\/\/api.w.org\/{rel}","templated":true}]}}